{"id":501,"date":"2016-04-08T13:16:58","date_gmt":"2016-04-08T13:16:58","guid":{"rendered":"http:\/\/tt-lernmobil.de\/uepfi\/?p=501"},"modified":"2018-09-12T12:16:51","modified_gmt":"2018-09-12T12:16:51","slug":"profil-bewerbung-stellenausschreibung-wie-passt-das-zusammen","status":"publish","type":"post","link":"http:\/\/tt-lernmobil.de\/uepfi\/profil-bewerbung-stellenausschreibung-wie-passt-das-zusammen\/","title":{"rendered":"Profil, Bewerbung, Stellenausschreibung &#8211; Wie passt das zusammen?"},"content":{"rendered":"<h1><\/h1>\n<p style=\"text-align: left\"><a href=\"http:\/\/tt-lernmobil.de\/uepfi\/files\/2016\/01\/ber-IT_17_Mittel.jpg\"><img loading=\"lazy\" decoding=\"async\" class=\"size-medium wp-image-26 alignleft\" src=\"http:\/\/tt-lernmobil.de\/uepfi\/files\/2016\/01\/ber-IT_17_Mittel-300x197.jpg\" alt=\"Kundinnen und Beraterin im Workshop bei BER-IT\" width=\"300\" height=\"197\" \/><\/a>Die Phase der Jobsuche bietet Ihnen die Chance, sich intensiv mit Ihrer beruflichen Positionierung auseinanderzusetzen.<\/p>\n<p>Dabei geht es sowohl um Ihr Profil, um das, was Sie besonders gut und weniger gut k\u00f6nnen, um Ihre beruflichen Schwerpunkte und Erfahrungen, als auch um Ihre W\u00fcnsche und Ziele; wo und in welcher Branche m\u00f6chten Sie arbeiten, auf welcher Ebene, in welchem zeitlichen Umfang und mit welchem Verdienst?<\/p>\n<p>Unabh\u00e4ngig davon, ob Sie sich \u00fcber Ihr Netzwerk oder auf eine Stellenanzeige bewerben, je klarer Ihre Positionierung ist, desto \u00fcberzeugender k\u00f6nnen Sie im Bewerbungsprozess auftreten.<br \/>\nStellenausschreibungen wirken dabei oft abschreckend, gesucht wird allzu oft die eierlegende Wollmilchsau. Zielgenaues Lesen und der Abgleich der Anforderungen mit einem Soll-\/Ist-Raster kann Ihnen dabei helfen, herauszufinden, ob Ihr berufliches Portfolio mit der Stellenausschreibung in Einklang zu bringen ist.<\/p>\n<p>In unserem neuen <b>Bewerbungsworkshop \u201eVon der Stellenrecherche zum Anschreiben\u201c<\/b> am Do, 14.04.2016, s. <a class=\"internal-link\" title=\"Zu den aktuellen BER-IT Veranstaltungen\" href=\"http:\/\/www.ber-it.de\/termine.html\">aktuelle Veranstaltungen,<\/a> besch\u00e4ftigen wir uns sowohl mit Wegen der beruflichen Profilerstellung, als auch mit dem Interpretieren von Stellenausschreibungen und dem Verfassen von passgenauen Anschreiben.<\/p>\n<p>F\u00fcr einen interessanten Einstieg in das Thema empfehlen wir Ihnen die Lekt\u00fcre des Artikels <a class=\"external-link-new-window\" title=\"Zum Artikel auf karriereletter.de\" href=\"http:\/\/www.karriereletter.de\/bewerbung-so-finden-sie-ihren-traumjob\/\" target=\"_blank\" rel=\"noopener\">&#8222;Bewerbung: So finden Sie Ihren Traumjob!&#8220;<\/a> auf karriereletter.de.<\/p>\n","protected":false},"excerpt":{"rendered":"<p>Die Phase der Jobsuche bietet Ihnen die Chance, sich intensiv mit Ihrer beruflichen Positionierung auseinanderzusetzen. Dabei geht es sowohl um Ihr Profil, um das, was Sie besonders gut und weniger gut k\u00f6nnen, um Ihre beruflichen Schwerpunkte und Erfahrungen, als auch<\/p>\n","protected":false},"author":1,"featured_media":0,"comment_status":"open","ping_status":"closed","sticky":false,"template":"","format":"standard","meta":{"footnotes":""},"categories":[1],"tags":[97],"class_list":["post-501","post","type-post","status-publish","format-standard","hentry","category-allgemein","tag-stellenausschreibung"],"_links":{"self":[{"href":"http:\/\/tt-lernmobil.de\/uepfi\/wp-json\/wp\/v2\/posts\/501","targetHints":{"allow":["GET"]}}],"collection":[{"href":"http:\/\/tt-lernmobil.de\/uepfi\/wp-json\/wp\/v2\/posts"}],"about":[{"href":"http:\/\/tt-lernmobil.de\/uepfi\/wp-json\/wp\/v2\/types\/post"}],"author":[{"embeddable":true,"href":"http:\/\/tt-lernmobil.de\/uepfi\/wp-json\/wp\/v2\/users\/1"}],"replies":[{"embeddable":true,"href":"http:\/\/tt-lernmobil.de\/uepfi\/wp-json\/wp\/v2\/comments?post=501"}],"version-history":[{"count":5,"href":"http:\/\/tt-lernmobil.de\/uepfi\/wp-json\/wp\/v2\/posts\/501\/revisions"}],"predecessor-version":[{"id":4220,"href":"http:\/\/tt-lernmobil.de\/uepfi\/wp-json\/wp\/v2\/posts\/501\/revisions\/4220"}],"wp:attachment":[{"href":"http:\/\/tt-lernmobil.de\/uepfi\/wp-json\/wp\/v2\/media?parent=501"}],"wp:term":[{"taxonomy":"category","embeddable":true,"href":"http:\/\/tt-lernmobil.de\/uepfi\/wp-json\/wp\/v2\/categories?post=501"},{"taxonomy":"post_tag","embeddable":true,"href":"http:\/\/tt-lernmobil.de\/uepfi\/wp-json\/wp\/v2\/tags?post=501"}],"curies":[{"name":"wp","href":"https:\/\/api.w.org\/{rel}","templated":true}]}}