{"id":91,"date":"2016-01-21T14:49:48","date_gmt":"2016-01-21T14:49:48","guid":{"rendered":"http:\/\/tt-lernmobil.de\/uepfi\/?p=91"},"modified":"2025-09-03T12:20:00","modified_gmt":"2025-09-03T12:20:00","slug":"website-und-social-media-vernetzen","status":"publish","type":"post","link":"http:\/\/tt-lernmobil.de\/uepfi\/website-und-social-media-vernetzen\/","title":{"rendered":"Website und Social Media vernetzen"},"content":{"rendered":"<p><a href=\"http:\/\/tt-lernmobil.de\/uepfi\/files\/2016\/01\/ber-IT_17_Mittel.jpg\"><img loading=\"lazy\" decoding=\"async\" class=\"size-thumbnail wp-image-26 alignleft\" src=\"http:\/\/tt-lernmobil.de\/uepfi\/files\/2016\/01\/ber-IT_17_Mittel-150x150.jpg\" alt=\"Kundinnen und Beraterin im Workshop bei BER-IT\" width=\"150\" height=\"150\" \/><\/a>Die als Beraterin f\u00fcr digitale Kommunikation t\u00e4tige Expertin Annette Schwindt hat einen Beitrag dazu ver\u00f6ffentlicht, wie Sie Ihre eigene Website optimal mit Ihren Pr\u00e4senzen auf Facebook, Twitter, Google+ und Co. vernetzen.<\/p>\n<p>Das richtige Verkn\u00fcpfen von Website und Social Media wird laut Schwindt oft nicht richtig umgesetzt oder vernachl\u00e4ssigt. Schwindt zeigt in f\u00fcnf Schritten auf, worauf dabei zu achten ist.<\/p>\n<p>Die Website stellt dabei die Basis und damit den Bezugspunkt f\u00fcr jedwede Kommunikation im Web dar. Pr\u00e4senzen auf Facebook und Co. gelten als &#8222;Au\u00dfenposten&#8220; dieser Basis. \u00dcber diese &#8222;Au\u00dfenposten&#8220; k\u00f6nnen eigene Inhalte und die von anderen weitergesagt, Informationen ausgetauscht, Fragen beantwortet und das Netzwerk gepflegt werden. Dabei reicht es nicht, diese Pr\u00e4senzen nur zu haben und zu bespielen, jede einzelne von ihnen muss auch leicht auffindbar sein. Au\u00dferdem sollten alle Pr\u00e4senzen daf\u00fcr sinnvoll miteinander verkn\u00fcpft werden.<\/p>\n<ol>\n<li>Schritt: Wiedererkennbarkeit sichern<\/li>\n<li>Schritt: Website und Impressum von Social Media aus verlinken<\/li>\n<li>Schritt: Social-Media-Pr\u00e4senzen von Website aus auffindbar machen<\/li>\n<li>Schritt: Weitersagen (Sharing) erleichtern<\/li>\n<li>Schritt: Wie das mit dem Sharing funktioniert<\/li>\n<\/ol>\n<p>Diese Tipps k\u00f6nnen Sie auch in ausf\u00fchrlicherer Form bei schwindt-pr.com als <a class=\"external-link-new-window\" title=\"Zum Beitrag von Annette Schwindt als PDF\" href=\"http:\/\/www.schwindt-pr.com\/downloads\/vernetzen.pdf\" target=\"_blank\" rel=\"noopener\">eBook<\/a> herunterladen.<\/p>\n<p>Wir haben \u00fcbrigens Annette Schwindt mit einer <a class=\"external-link-new-window\" title=\"Zum Portrait von Annette Schwindt von BER-IT\" href=\"http:\/\/www.ber-it.de\/berufs_portraits\/artikel\/im-gespraech-annette-schwindt-webworkerin-buchautorin.html\" target=\"http:\/\/www.ber-it.de\/berufs_portraits\/artikel\/im-gespraech-annette-schwindt-webworkerin-buchautorin.html\">Episode unseres Podcasts<\/a> portraitiert.<\/p>\n","protected":false},"excerpt":{"rendered":"<p>Die als Beraterin f\u00fcr digitale Kommunikation t\u00e4tige Expertin Annette Schwindt hat einen Beitrag dazu ver\u00f6ffentlicht, wie Sie Ihre eigene Website optimal mit Ihren Pr\u00e4senzen auf Facebook, Twitter, Google+ und Co. vernetzen. Das richtige Verkn\u00fcpfen von Website und Social Media wird<\/p>\n","protected":false},"author":1,"featured_media":0,"comment_status":"closed","ping_status":"closed","sticky":false,"template":"","format":"standard","meta":{"footnotes":""},"categories":[1],"tags":[99,13],"class_list":["post-91","post","type-post","status-publish","format-standard","hentry","category-allgemein","tag-netzwerk","tag-social-media"],"_links":{"self":[{"href":"http:\/\/tt-lernmobil.de\/uepfi\/wp-json\/wp\/v2\/posts\/91","targetHints":{"allow":["GET"]}}],"collection":[{"href":"http:\/\/tt-lernmobil.de\/uepfi\/wp-json\/wp\/v2\/posts"}],"about":[{"href":"http:\/\/tt-lernmobil.de\/uepfi\/wp-json\/wp\/v2\/types\/post"}],"author":[{"embeddable":true,"href":"http:\/\/tt-lernmobil.de\/uepfi\/wp-json\/wp\/v2\/users\/1"}],"replies":[{"embeddable":true,"href":"http:\/\/tt-lernmobil.de\/uepfi\/wp-json\/wp\/v2\/comments?post=91"}],"version-history":[{"count":2,"href":"http:\/\/tt-lernmobil.de\/uepfi\/wp-json\/wp\/v2\/posts\/91\/revisions"}],"predecessor-version":[{"id":4405,"href":"http:\/\/tt-lernmobil.de\/uepfi\/wp-json\/wp\/v2\/posts\/91\/revisions\/4405"}],"wp:attachment":[{"href":"http:\/\/tt-lernmobil.de\/uepfi\/wp-json\/wp\/v2\/media?parent=91"}],"wp:term":[{"taxonomy":"category","embeddable":true,"href":"http:\/\/tt-lernmobil.de\/uepfi\/wp-json\/wp\/v2\/categories?post=91"},{"taxonomy":"post_tag","embeddable":true,"href":"http:\/\/tt-lernmobil.de\/uepfi\/wp-json\/wp\/v2\/tags?post=91"}],"curies":[{"name":"wp","href":"https:\/\/api.w.org\/{rel}","templated":true}]}}